{"id":3218,"date":"2026-08-28T11:09:45","date_gmt":"2026-08-28T14:09:45","guid":{"rendered":"https:\/\/jorgedonn-caba.infd.edu.ar\/sitio\/?p=3218"},"modified":"2026-09-02T14:40:02","modified_gmt":"2026-09-02T17:40:02","slug":"chamame-con-verdulera-encuntro-con-santiago-torres","status":"publish","type":"post","link":"https:\/\/jorgedonn-caba.infd.edu.ar\/sitio\/chamame-con-verdulera-encuntro-con-santiago-torres\/","title":{"rendered":"\u00abChamam\u00e9 con verdulera\u00bb: encuentro con Santiago Torres"},"content":{"rendered":"\n<p><\/p>\n\n\n\n<p>En el marco del <strong>Mes del Chamam\u00e9<\/strong>*, invitamos a estudiantes y docentes a participar del encuentro \u201c<strong>Chamam\u00e9 con Verdulera\u201d<\/strong>, organizado por los profesores Jorge Tabares y Aldo Epullan, con la participaci\u00f3n de<strong> Santiago Torres<\/strong>, m\u00fasico, acordeonista y referente de nuestra cultura popular, oriundo de la provincia de Buenos Aires.<\/p>\n\n\n\n<p>El encuentro propone un acercamiento a la identidad sonoro-musical del chamam\u00e9, explorando su riqueza t\u00e9cnica, sus modos de interpretaci\u00f3n y su valor como expresi\u00f3n y patrimonio de nuestra cultura popular.<\/p>\n\n\n\n<p>*El D\u00eda Nacional del Chamam\u00e9 se celebra en Argentina cada 19 de septiembre en homenaje al fallecimiento de Mario del Tr\u00e1nsito Cocomarola, conocido como el \u00abTaita del Chamam\u00e9.<\/p>\n\n\n\n<p>&#x1f4c5; Viernes 4 de septiembre<br>&#x1f558; 21:15 h<br>&#x1f4cd; Aula 2 \u2013 Planta Baja<br>ESEA en Danza N.\u00ba 2 \u201cJorge Donn\u201d \u2013 Nivel Terciario<\/p>\n\n\n\n<p>Actividad especial destinada a estudiantes y docentes de la instituci\u00f3n.<\/p>\n\n\n\n<p>\u00a1Los\/as esperamos para compartir una noche de m\u00fasica, encuentro y celebraci\u00f3n de nuestras expresiones populares!<\/p>\n","protected":false},"excerpt":{"rendered":"<p>En el marco del Mes del Chamam\u00e9*, invitamos a estudiantes y docentes a participar del encuentro \u201cChamam\u00e9 con Verdulera\u201d, organizado por los profesores Jorge Tabares y Aldo Epullan, con la participaci\u00f3n de Santiago Torres, m\u00fasico, acordeonista y referente de nuestra cultura popular, oriundo de la provincia de Buenos Aires. El encuentro propone un acercamiento a &#8230; <a title=\"\u00abChamam\u00e9 con verdulera\u00bb: encuentro con Santiago Torres\" class=\"read-more\" href=\"https:\/\/jorgedonn-caba.infd.edu.ar\/sitio\/chamame-con-verdulera-encuntro-con-santiago-torres\/\" aria-label=\"More on \u00abChamam\u00e9 con verdulera\u00bb: encuentro con Santiago Torres\">[+]<\/a><\/p>\n","protected":false},"author":755,"featured_media":3219,"comment_status":"closed","ping_status":"closed","sticky":false,"template":"","format":"standard","meta":[],"categories":[34,28],"tags":[],"acf":[],"_links":{"self":[{"href":"https:\/\/jorgedonn-caba.infd.edu.ar\/sitio\/wp-json\/wp\/v2\/posts\/3218"}],"collection":[{"href":"https:\/\/jorgedonn-caba.infd.edu.ar\/sitio\/wp-json\/wp\/v2\/posts"}],"about":[{"href":"https:\/\/jorgedonn-caba.infd.edu.ar\/sitio\/wp-json\/wp\/v2\/types\/post"}],"author":[{"embeddable":true,"href":"https:\/\/jorgedonn-caba.infd.edu.ar\/sitio\/wp-json\/wp\/v2\/users\/755"}],"replies":[{"embeddable":true,"href":"https:\/\/jorgedonn-caba.infd.edu.ar\/sitio\/wp-json\/wp\/v2\/comments?post=3218"}],"version-history":[{"count":5,"href":"https:\/\/jorgedonn-caba.infd.edu.ar\/sitio\/wp-json\/wp\/v2\/posts\/3218\/revisions"}],"predecessor-version":[{"id":3230,"href":"https:\/\/jorgedonn-caba.infd.edu.ar\/sitio\/wp-json\/wp\/v2\/posts\/3218\/revisions\/3230"}],"wp:featuredmedia":[{"embeddable":true,"href":"https:\/\/jorgedonn-caba.infd.edu.ar\/sitio\/wp-json\/wp\/v2\/media\/3219"}],"wp:attachment":[{"href":"https:\/\/jorgedonn-caba.infd.edu.ar\/sitio\/wp-json\/wp\/v2\/media?parent=3218"}],"wp:term":[{"taxonomy":"category","embeddable":true,"href":"https:\/\/jorgedonn-caba.infd.edu.ar\/sitio\/wp-json\/wp\/v2\/categories?post=3218"},{"taxonomy":"post_tag","embeddable":true,"href":"https:\/\/jorgedonn-caba.infd.edu.ar\/sitio\/wp-json\/wp\/v2\/tags?post=3218"}],"curies":[{"name":"wp","href":"https:\/\/api.w.org\/{rel}","templated":true}]}}